{"id":1600,"date":"2023-02-01T13:26:31","date_gmt":"2023-02-01T16:26:31","guid":{"rendered":"https:\/\/blog.sima.ag\/?p=1600"},"modified":"2023-11-07T11:54:55","modified_gmt":"2023-11-07T14:54:55","slug":"estudo-revela-obstaculos-enfrentados-pelo-produtor-em-2022-e-as-perspectivas-do-agro-para-2023","status":"publish","type":"post","link":"https:\/\/blog.sima.ag\/pt-br\/2023\/estudo-revela-obstaculos-enfrentados-pelo-produtor-em-2022-e-as-perspectivas-do-agro-para-2023\/","title":{"rendered":"Obst\u00e1culos enfrentados no Agro em 2022 e as perspectivas para 2023"},"content":{"rendered":"\n<p class=\"has-text-align-center\">A <em>retrospectiva de 2022 apresenta adversidades comuns \u00e0 ind\u00fastria a c\u00e9u aberto, que \u00e9 a agricultura<\/em>. <\/p>\n\n\n\n<p class=\"is-style-default\">No ano de 2022, a agricultura enfrentou adversidades muito comuns ao meio. O fator clim\u00e1tico foi um desses obst\u00e1culos, j\u00e1 que em decorr\u00eancia do fen\u00f4meno La Ni\u00f1a, apresentou fortes oscila\u00e7\u00f5es entre secas severas e chuvas intensas. A realidade pol\u00edtica do cen\u00e1rio internacional tamb\u00e9m gerou  novos entraves para o produtor rural, com os efeitos da guerra entre R\u00fassia e Ucr\u00e2nia. <\/p>\n\n\n\n<p>Para entender o panorama do agroneg\u00f3cio em 2023, \u00e9 preciso rever quais foram os \u00faltimos acontecimentos em algumas das principais culturas agr\u00edcolas. <strong><a href=\"https:\/\/blog.sima.ag\/wp-content\/uploads\/2023\/02\/Agronegocio-em-2023-e-principais-adversidades-do-campo_online.pdf\" data-type=\"URL\" data-id=\"https:\/\/blog.sima.ag\/wp-content\/uploads\/2023\/02\/Agronegocio-em-2023-e-principais-adversidades-do-campo_online.pdf\">Fa\u00e7a o download do nosso ebook<\/a><\/strong> e descubra as principais adversidades encontradas ao longo de 2022 nos cultivos mais importantes do Brasil &#8211; Soja, Milho, Feij\u00e3o e Algod\u00e3o. Al\u00e9m disso, conhe\u00e7a as perspectivas mais fundamentais para ano de 2023.<\/p>\n\n\n\n<p>Para o  download,<strong> <a href=\"https:\/\/blog.sima.ag\/wp-content\/uploads\/2023\/02\/Agronegocio-em-2023-e-principais-adversidades-do-campo_online.pdf\" target=\"_blank\" rel=\"noreferrer noopener\">CLIQUE AQUI. <\/a><\/strong><\/p>\n\n\n\n<p><\/p>\n","protected":false},"excerpt":{"rendered":"<p>A retrospectiva de 2022 apresenta adversidades comuns \u00e0 ind\u00fastria a c\u00e9u aberto, que \u00e9 a agricultura. No ano [&hellip;]<\/p>\n","protected":false},"author":6,"featured_media":1616,"comment_status":"open","ping_status":"open","sticky":false,"template":"","format":"standard","meta":{"content-type":"","_monsterinsights_skip_tracking":false,"_monsterinsights_sitenote_active":false,"_monsterinsights_sitenote_note":"","_monsterinsights_sitenote_category":0,"spay_email":"","footnotes":""},"categories":[146],"tags":[],"class_list":["post-1600","post","type-post","status-publish","format-standard","has-post-thumbnail","hentry","category-nao-categorizado"],"jetpack_featured_media_url":"https:\/\/blog.sima.ag\/wp-content\/uploads\/2023\/02\/SIMA-no-campo-2022.png","_links":{"self":[{"href":"https:\/\/blog.sima.ag\/pt-br\/wp-json\/wp\/v2\/posts\/1600"}],"collection":[{"href":"https:\/\/blog.sima.ag\/pt-br\/wp-json\/wp\/v2\/posts"}],"about":[{"href":"https:\/\/blog.sima.ag\/pt-br\/wp-json\/wp\/v2\/types\/post"}],"author":[{"embeddable":true,"href":"https:\/\/blog.sima.ag\/pt-br\/wp-json\/wp\/v2\/users\/6"}],"replies":[{"embeddable":true,"href":"https:\/\/blog.sima.ag\/pt-br\/wp-json\/wp\/v2\/comments?post=1600"}],"version-history":[{"count":7,"href":"https:\/\/blog.sima.ag\/pt-br\/wp-json\/wp\/v2\/posts\/1600\/revisions"}],"predecessor-version":[{"id":1613,"href":"https:\/\/blog.sima.ag\/pt-br\/wp-json\/wp\/v2\/posts\/1600\/revisions\/1613"}],"wp:featuredmedia":[{"embeddable":true,"href":"https:\/\/blog.sima.ag\/pt-br\/wp-json\/wp\/v2\/media\/1616"}],"wp:attachment":[{"href":"https:\/\/blog.sima.ag\/pt-br\/wp-json\/wp\/v2\/media?parent=1600"}],"wp:term":[{"taxonomy":"category","embeddable":true,"href":"https:\/\/blog.sima.ag\/pt-br\/wp-json\/wp\/v2\/categories?post=1600"},{"taxonomy":"post_tag","embeddable":true,"href":"https:\/\/blog.sima.ag\/pt-br\/wp-json\/wp\/v2\/tags?post=1600"}],"curies":[{"name":"wp","href":"https:\/\/api.w.org\/{rel}","templated":true}]}}