{"id":1892,"date":"2024-01-16T11:54:13","date_gmt":"2024-01-16T14:54:13","guid":{"rendered":"https:\/\/blog.sima.ag\/?p=1892"},"modified":"2024-01-16T12:38:10","modified_gmt":"2024-01-16T15:38:10","slug":"cultura-do-algodao-sustentabilidade-rastreabilidade-producao","status":"publish","type":"post","link":"https:\/\/blog.sima.ag\/pt-br\/2024\/cultura-do-algodao-sustentabilidade-rastreabilidade-producao\/","title":{"rendered":"Cultura do Algod\u00e3o: Sustentabilidade e Rastreabilidade da Produ\u00e7\u00e3o"},"content":{"rendered":"\n<p>A produ\u00e7\u00e3o brasileira de <strong>algod\u00e3o<\/strong> atingiu um marco significativo na safra 2022\/2023, e com o novo ciclo que se inicia, vislumbra-se um horizonte repleto de oportunidades promissoras no mercado. A valoriza\u00e7\u00e3o em ascens\u00e3o da fibra para a ind\u00fastria t\u00eaxtil est\u00e1 intimamente ligada \u00e0 sustentabilidade da cadeia produtiva, impulsionada por avan\u00e7os not\u00e1veis no monitoramento e rastreamento da produ\u00e7\u00e3o desde o campo. A tecnologia vem a favor da colheita e comercializa\u00e7\u00e3o, moldando um futuro mais consciente e lucrativo para esta preciosa commodity t\u00eaxtil.<\/p>\n\n\n\n<h2 class=\"wp-block-heading\"><strong>Produ\u00e7\u00e3o de Algod\u00e3o no Brasil<\/strong><\/h2>\n\n\n\n<p>O Brasil se destaca como um dos principais protagonistas na produ\u00e7\u00e3o mundial de algod\u00e3o, um cen\u00e1rio que se consolida ainda mais com os n\u00fameros expressivos da \u00faltima safra. Segundo a Associa\u00e7\u00e3o Brasileira dos Produtores de Algod\u00e3o (Abrapa), os dados revelam um crescimento significativo na produ\u00e7\u00e3o, atingindo expressivas 3,27 milh\u00f5es de toneladas de pluma. Esse incremento representa um not\u00e1vel aumento de 28% em compara\u00e7\u00e3o com a safra anterior, demonstrando n\u00e3o apenas a robustez da ind\u00fastria algodoeira brasileira, mas tamb\u00e9m sua capacidade de se adaptar e expandir diante dos desafios do mercado global.<\/p>\n\n\n\n<p>Este avan\u00e7o na produ\u00e7\u00e3o refor\u00e7a a posi\u00e7\u00e3o do Brasil como um dos l\u00edderes no fornecimento dessa mat\u00e9ria-prima essencial para a ind\u00fastria t\u00eaxtil. A crescente demanda por algod\u00e3o sustent\u00e1vel, aliada aos esfor\u00e7os de certifica\u00e7\u00e3o socioambiental, impulsionam a competitividade do pa\u00eds no mercado internacional. Esse contexto evidencia n\u00e3o apenas um aumento quantitativo na produ\u00e7\u00e3o, mas tamb\u00e9m uma consolida\u00e7\u00e3o qualitativa, destacando a relev\u00e2ncia do algod\u00e3o brasileiro como uma escolha mais consciente e sustent\u00e1vel no panorama global.<\/p>\n\n\n\n<h2 class=\"wp-block-heading\"><strong>Sustentabilidade na Produ\u00e7\u00e3o de Algod\u00e3o<\/strong><\/h2>\n\n\n\n<p>A busca por pr\u00e1ticas sustent\u00e1veis na produ\u00e7\u00e3o de algod\u00e3o ganha destaque como um pilar fundamental na ind\u00fastria t\u00eaxtil. Com mais de 80% da produ\u00e7\u00e3o nacional certificada com padr\u00f5es socioambientais, o Brasil se firma como um expoente nesse quesito, fortalecendo sua posi\u00e7\u00e3o como um fornecedor de algod\u00e3o de alta qualidade e consci\u00eancia ambiental.<\/p>\n\n\n\n<p>A certifica\u00e7\u00e3o socioambiental permeia toda a cadeia produtiva, destacando-se por iniciativas como a agricultura regenerativa e a produ\u00e7\u00e3o de algod\u00e3o de baixo carbono. Esses esfor\u00e7os refletem n\u00e3o apenas a responsabilidade dos produtores, mas tamb\u00e9m a preocupa\u00e7\u00e3o em promover pr\u00e1ticas agr\u00edcolas que minimizem o impacto ambiental e contribuam para a preserva\u00e7\u00e3o dos recursos naturais.<\/p>\n\n\n\n<p>Al\u00e9m disso, ao comparar o algod\u00e3o com as fibras sint\u00e9ticas, emerge sua posi\u00e7\u00e3o como uma alternativa mais sustent\u00e1vel. Essa diferencia\u00e7\u00e3o vai ao encontro das demandas crescentes de ESG na cadeia t\u00eaxtil global, ressaltando a capacidade do algod\u00e3o brasileiro em atender n\u00e3o apenas \u00e0s exig\u00eancias do mercado, mas tamb\u00e9m \u00e0s necessidades ambientais e sociais, consolidando-se como uma escolha vi\u00e1vel e respons\u00e1vel para um futuro mais sustent\u00e1vel na ind\u00fastria.<\/p>\n\n\n\n<h2 class=\"wp-block-heading\"><strong>Perspectivas Safra 2023\/2024<\/strong><\/h2>\n\n\n\n<p>As proje\u00e7\u00f5es para a pr\u00f3xima safra de algod\u00e3o no Brasil apontam para um panorama otimista e um crescente impulso na ind\u00fastria. De acordo com a revis\u00e3o realizada pela Abrapa, em dezembro de 2023, as estimativas indicam um crescimento significativo na \u00e1rea plantada, superando as previs\u00f5es anteriores.<\/p>\n\n\n\n<p>Com uma expectativa de aumento de 11,6% na \u00e1rea plantada, o Brasil se prepara para semear 1,87 milh\u00e3o de hectares, antevendo uma produ\u00e7\u00e3o preliminar estimada em 3,37 milh\u00f5es de toneladas. Esses n\u00fameros refletem n\u00e3o apenas um crescimento em termos quantitativos, mas tamb\u00e9m sinalizam a determina\u00e7\u00e3o do pa\u00eds em consolidar sua posi\u00e7\u00e3o como um dos principais produtores de algod\u00e3o no mundo, mantendo-se alinhado com \u00e0s demandas do mercado global.<\/p>\n\n\n\n<p>\u00c9 relevante mencionar a previs\u00e3o divulgada pela Conab, no 3\u00ba Levantamento da Safra 2023\/2024, que aponta um cen\u00e1rio tamb\u00e9m otimista, embora com proje\u00e7\u00f5es ligeiramente inferiores. Segundo a Conab, espera-se um aumento de 4,9% na \u00e1rea ocupada com algod\u00e3o, prevendo uma produ\u00e7\u00e3o de 3,06 milh\u00f5es de toneladas. Essas proje\u00e7\u00f5es, embora levemente distintas, refletem a confian\u00e7a e o crescimento constante do setor, indicando um futuro promissor para a ind\u00fastria do algod\u00e3o brasileiro.<\/p>\n\n\n\n<h2 class=\"wp-block-heading\"><strong>Import\u00e2ncia do Monitoramento e Rastreabilidade na Produ\u00e7\u00e3o Sustent\u00e1vel<\/strong><\/h2>\n\n\n\n<p>A rastreabilidade na produ\u00e7\u00e3o de algod\u00e3o emerge como um elemento crucial para assegurar a qualidade e sustentabilidade da fibra, conferindo transpar\u00eancia e confian\u00e7a aos processos na cadeia produtiva. No percurso do algod\u00e3o, desde seu cultivo at\u00e9 o embarque, requer um monitoramento minucioso e constante, visando garantir sua origem respons\u00e1vel e sua excel\u00eancia como produto sustent\u00e1vel.<\/p>\n\n\n\n<p>A transpar\u00eancia na cadeia de produ\u00e7\u00e3o do algod\u00e3o \u00e9 fundamental para que o mercado reconhe\u00e7a e valorize a qualidade e a proced\u00eancia da fibra brasileira. Com a crescente demanda por pr\u00e1ticas mais conscientes, a rastreabilidade se torna um diferencial competitivo, permitindo que os consumidores e as empresas tenham acesso a informa\u00e7\u00f5es precisas sobre o cultivo, colheita e processamento do algod\u00e3o.<\/p>\n\n\n\n<p>Nesse contexto, o SIMA &#8211; Sistema Integrado de Monitoramento Agr\u00edcola, desponta como um grande aliado no campo. Possibilita o monitoramento eficaz das atividades agr\u00edcolas, contribuindo significativamente para a rastreabilidade da produ\u00e7\u00e3o de algod\u00e3o. Essa tecnologia oferece dados precisos e em tempo real, permitindo uma gest\u00e3o mais assertiva e uma rastreabilidade mais detalhada pelo hist\u00f3rico da produ\u00e7\u00e3o. Isso agrega valor \u00e0 fibra sustent\u00e1vel e impulsiona a credibilidade na produ\u00e7\u00e3o do algod\u00e3o brasileiro no mercado global.<\/p>\n\n\n\n<p><strong>Sobre<\/strong> \u2013 A SIMA \u00e9 uma AgTech que surgiu em 2013 na Argentina com o objetivo de oferecer aos produtores uma plataforma simples, completa e inteligente para monitoramento, controle e an\u00e1lise de dados. Hoje a empresa est\u00e1 presente em 8 pa\u00edses da Am\u00e9rica Latina e possui mais de 8.3 milh\u00f5es de hectares monitorados. Para mais informa\u00e7\u00f5es acesse:<a href=\"http:\/\/www.sima.ag\/pt\" target=\"_blank\" rel=\"noopener\"> www.sima.ag\/pt<\/a><\/p>\n","protected":false},"excerpt":{"rendered":"<p>A produ\u00e7\u00e3o brasileira de algod\u00e3o atingiu um marco significativo na safra 2022\/2023, e com o novo ciclo que [&hellip;]<\/p>\n","protected":false},"author":15,"featured_media":1885,"comment_status":"open","ping_status":"open","sticky":false,"template":"","format":"standard","meta":{"content-type":"","_monsterinsights_skip_tracking":false,"_monsterinsights_sitenote_active":false,"_monsterinsights_sitenote_note":"","_monsterinsights_sitenote_category":0,"spay_email":"","footnotes":""},"categories":[146],"tags":[],"class_list":["post-1892","post","type-post","status-publish","format-standard","has-post-thumbnail","hentry","category-nao-categorizado"],"jetpack_featured_media_url":"https:\/\/blog.sima.ag\/wp-content\/uploads\/2024\/01\/iStock-537385757.jpg","_links":{"self":[{"href":"https:\/\/blog.sima.ag\/pt-br\/wp-json\/wp\/v2\/posts\/1892"}],"collection":[{"href":"https:\/\/blog.sima.ag\/pt-br\/wp-json\/wp\/v2\/posts"}],"about":[{"href":"https:\/\/blog.sima.ag\/pt-br\/wp-json\/wp\/v2\/types\/post"}],"author":[{"embeddable":true,"href":"https:\/\/blog.sima.ag\/pt-br\/wp-json\/wp\/v2\/users\/15"}],"replies":[{"embeddable":true,"href":"https:\/\/blog.sima.ag\/pt-br\/wp-json\/wp\/v2\/comments?post=1892"}],"version-history":[{"count":1,"href":"https:\/\/blog.sima.ag\/pt-br\/wp-json\/wp\/v2\/posts\/1892\/revisions"}],"predecessor-version":[{"id":1893,"href":"https:\/\/blog.sima.ag\/pt-br\/wp-json\/wp\/v2\/posts\/1892\/revisions\/1893"}],"wp:featuredmedia":[{"embeddable":true,"href":"https:\/\/blog.sima.ag\/pt-br\/wp-json\/wp\/v2\/media\/1885"}],"wp:attachment":[{"href":"https:\/\/blog.sima.ag\/pt-br\/wp-json\/wp\/v2\/media?parent=1892"}],"wp:term":[{"taxonomy":"category","embeddable":true,"href":"https:\/\/blog.sima.ag\/pt-br\/wp-json\/wp\/v2\/categories?post=1892"},{"taxonomy":"post_tag","embeddable":true,"href":"https:\/\/blog.sima.ag\/pt-br\/wp-json\/wp\/v2\/tags?post=1892"}],"curies":[{"name":"wp","href":"https:\/\/api.w.org\/{rel}","templated":true}]}}