{"id":2307,"date":"2025-03-21T10:02:27","date_gmt":"2025-03-21T13:02:27","guid":{"rendered":"https:\/\/blog.sima.ag\/?p=2307"},"modified":"2025-03-21T10:05:12","modified_gmt":"2025-03-21T13:05:12","slug":"show-safra-brasil-2025-sima-presente","status":"publish","type":"post","link":"https:\/\/blog.sima.ag\/pt-br\/2025\/show-safra-brasil-2025-sima-presente\/","title":{"rendered":"Show Safra Brasil 2025 SIMA presente!"},"content":{"rendered":"\n<p><strong>De 24 a 28 de mar\u00e7o, a SIMA estar\u00e1 presente no Show Safra, um dos eventos agropecu\u00e1rios mais importantes do Brasil, queremos convid\u00e1-lo(a) a visitar nosso estande e conhecer sobre esta convocat\u00f3ria anual.<\/strong> <\/p>\n\n\n\n<h2 class=\"wp-block-heading\">Show Safra vai al\u00e9m de uma feira agropecu\u00e1ria <\/h2>\n\n\n\n<p><strong>O Show Safra \u00e9 o evento mais importante do agroneg\u00f3cio em Mato Grosso<\/strong> e aspira a se tornar o maior do Brasil. Localizado em Lucas do Rio Verde, uma das regi\u00f5es mais f\u00e9rteis do Pa\u00eds, este evento \u00e9 mais que uma feira: <strong>\u00e9 um espa\u00e7o de inova\u00e7\u00e3o onde produtores e empresas se conectam com as melhores solu\u00e7\u00f5es do mercado.<\/strong><\/p>\n\n\n\n<p>E porque na SIMA ajudamos os produtores a monitorar seus cultivos com precis\u00e3o, transformar dados em decis\u00f5es estrat\u00e9gicas e otimizar a produtividade com intelig\u00eancia, estaremos presentes neste mega evento. <strong>De 24 a 28 de mar\u00e7o, estaremos no estande da FAMATO em parceria com o Agrihub, nossa equipe estar\u00e1 pronta para receb\u00ea-lo(a) e mostrar como a tecnologia pode revolucionar a gest\u00e3o agr\u00edcola.<\/strong> Todas as nossas solu\u00e7\u00f5es tecnol\u00f3gicas que podem potencializar sua produ\u00e7\u00e3o estar\u00e3o dispon\u00edveis l\u00e1, com nossos consultores prontos para apresentar cada ferramenta de trabalho.<\/p>\n\n\n\n<h2 class=\"wp-block-heading\">Show Safra 2025: Inova\u00e7\u00e3o e Sustentabilidade para o agroneg\u00f3cio do futuro<\/h2>\n\n\n\n<p><strong>O Show Safra 2025 tem como miss\u00e3o impulsionar o desenvolvimento agr\u00edcola atrav\u00e9s da gera\u00e7\u00e3o e dissemina\u00e7\u00e3o de tecnologia de ponta.<\/strong> Seu foco integra inova\u00e7\u00e3o com <strong>sustentabilidade<\/strong>, promovendo a <strong>preserva\u00e7\u00e3o do meio ambiente<\/strong> e fortalecendo a <strong>capacita\u00e7\u00e3o da comunidade local<\/strong> para um crescimento equilibrado e duradouro.<\/p>\n\n\n\n<p>Como ponto de encontro entre produtores rurais e solu\u00e7\u00f5es tecnol\u00f3gicas,<strong> o Show Safra busca oferecer respostas inovadoras<\/strong> aos desafios do setor, impulsionando o progresso e a prosperidade de toda a comunidade. Comprometido com a transpar\u00eancia, a excel\u00eancia e o equil\u00edbrio entre efici\u00eancia econ\u00f4mica, social e ambiental, o evento coloca a inova\u00e7\u00e3o e o conhecimento no centro de seu impacto positivo.<\/p>\n\n\n\n<figure class=\"wp-block-image size-large\"><img loading=\"lazy\" decoding=\"async\" width=\"1024\" height=\"615\" src=\"https:\/\/blog.sima.ag\/wp-content\/uploads\/2025\/03\/show-safra-2-1024x615.jpeg\" alt=\"\" class=\"wp-image-2308\" srcset=\"https:\/\/blog.sima.ag\/wp-content\/uploads\/2025\/03\/show-safra-2-1024x615.jpeg 1024w, https:\/\/blog.sima.ag\/wp-content\/uploads\/2025\/03\/show-safra-2-300x180.jpeg 300w, https:\/\/blog.sima.ag\/wp-content\/uploads\/2025\/03\/show-safra-2-768x461.jpeg 768w, https:\/\/blog.sima.ag\/wp-content\/uploads\/2025\/03\/show-safra-2-450x270.jpeg 450w, https:\/\/blog.sima.ag\/wp-content\/uploads\/2025\/03\/show-safra-2-999x600.jpeg 999w, https:\/\/blog.sima.ag\/wp-content\/uploads\/2025\/03\/show-safra-2.jpeg 1442w\" sizes=\"(max-width: 1024px) 100vw, 1024px\" \/><\/figure>\n\n\n\n<p>Neste contexto, <strong>a SIMA se posiciona como um aliado estrat\u00e9gico na evolu\u00e7\u00e3o da agricultura, <\/strong>oferecendo ferramentas avan\u00e7adas para a tomada de decis\u00f5es e a otimiza\u00e7\u00e3o da produ\u00e7\u00e3o. <strong>Atrav\u00e9s de sua plataforma de monitoramento inteligente, a <a href=\"https:\/\/sima.ag\/pt\" data-type=\"link\" data-id=\"https:\/\/sima.ag\/pt\" target=\"_blank\" rel=\"noopener\">SIMA<\/a> permite aos produtores melhorar a gest\u00e3o de seus cultivos com dados precisos e em tempo real<\/strong>, resultando em um uso mais eficiente dos recursos e maior rentabilidade.<\/p>\n\n\n\n<p>Al\u00e9m disso, <strong>a colabora\u00e7\u00e3o entre a SIMA e o Show Safra refor\u00e7a o compromisso de ambas as entidades com o desenvolvimento sustent\u00e1vel do setor agropecu\u00e1rio.<\/strong> Juntas, trabalham para facilitar o acesso a tecnologias inovadoras que potencializam a produtividade sem comprometer o equil\u00edbrio ambiental.<\/p>\n\n\n\n<h2 class=\"wp-block-heading\">Mais de 10 anos transformando a digitaliza\u00e7\u00e3o agr\u00edcola <\/h2>\n\n\n\n<p>Com presen\u00e7a em 6 pa\u00edses e mais de 8,9 milh\u00f5es de hectares monitorados na Am\u00e9rica Latina, a SIMA \u00e9 uma ferramenta chave para a gest\u00e3o agr\u00edcola no Brasil, otimizando a tomada de decis\u00f5es com dados em tempo real.<\/p>\n\n\n\n<p>Seus benef\u00edcios incluem: <strong>monitoramento preciso para detectar problemas precocemente, maior efici\u00eancia e rentabilidade ao melhorar os rendimentos sem aumentar os custos, e otimiza\u00e7\u00e3o de aplica\u00e7\u00f5es para um uso eficiente de fertilizantes e agroqu\u00edmicos. <\/strong>Al\u00e9m disso, facilita a comunica\u00e7\u00e3o integrada entre equipes e permite uma melhor proje\u00e7\u00e3o de colheitas e comercializa\u00e7\u00e3o.<\/p>\n\n\n\n<p>Os produtores brasileiros destacam, sobre o aplicativo, sua facilidade na <strong>gest\u00e3o de dados <\/strong>(imagens de sat\u00e9lite, dados georreferenciados, avan\u00e7os de plantio e colheita, e hist\u00f3ricos de lote), <strong>modelos anal\u00edticos<\/strong> (estimativa de rendimentos, alertas zonais e manejo sustent\u00e1vel) e <strong>fun\u00e7\u00f5es inteligentes para o manejo sustent\u00e1vel<\/strong> (gravidade de doen\u00e7as, controle de densidade de plantas e cobertura vegetal).<\/p>\n\n\n\n<p>Em um mercado agr\u00edcola competitivo como o brasileiro, a SIMA se consolida como uma solu\u00e7\u00e3o tecnol\u00f3gica essencial para melhorar a produtividade e sustentabilidade dos cultivos.<\/p>\n\n\n\n<h2 class=\"wp-block-heading\">O esquadr\u00e3o de combate \u00e0 cigarrinha do milho tamb\u00e9m estar\u00e1 presente no Show Safra 2025 <\/h2>\n\n\n\n<p><strong>O Esquadr\u00e3o de Combate \u00e0 Cigarrinha do Milho, desenvolvido pela SIMA em parceria com a Bayer, estar\u00e1 presente no Show Safra 2025, <\/strong>oferecendo aos produtores uma vis\u00e3o detalhada sobre o monitoramento e controle desta praga, que se tornou uma das principais amea\u00e7as para a produ\u00e7\u00e3o de milho no Brasil e na Argentina.<\/p>\n\n\n\n<p>No estande da SIMA, <strong>os visitantes poder\u00e3o conhecer de perto a rede de monitoramento em tempo real que permite detectar a incid\u00eancia da cigarrinha<\/strong> <strong>(Dalbulus maidis) em diferentes regi\u00f5es agr\u00edcolas.<\/strong> Atrav\u00e9s de um sistema de armadilhas estrategicamente posicionadas e um aplicativo inovador, os produtores podem registrar infesta\u00e7\u00f5es, analisar o estado fenol\u00f3gico das culturas e planejar um manejo eficiente para minimizar perdas.<\/p>\n\n\n\n<figure class=\"wp-block-image size-full\"><img loading=\"lazy\" decoding=\"async\" width=\"597\" height=\"650\" src=\"https:\/\/blog.sima.ag\/wp-content\/uploads\/2025\/03\/cigarrinha.png\" alt=\"\" class=\"wp-image-2310\" srcset=\"https:\/\/blog.sima.ag\/wp-content\/uploads\/2025\/03\/cigarrinha.png 597w, https:\/\/blog.sima.ag\/wp-content\/uploads\/2025\/03\/cigarrinha-276x300.png 276w, https:\/\/blog.sima.ag\/wp-content\/uploads\/2025\/03\/cigarrinha-450x490.png 450w, https:\/\/blog.sima.ag\/wp-content\/uploads\/2025\/03\/cigarrinha-551x600.png 551w\" sizes=\"(max-width: 597px) 100vw, 597px\" \/><\/figure>\n\n\n\n<p>Ser\u00e3o apresentadas <strong>ferramentas tecnol\u00f3gicas avan\u00e7adas que facilitam a tomada de decis\u00f5es no campo<\/strong>, garantindo um controle mais preciso e eficaz, tanto no monitoramento de pragas, doen\u00e7a e daninhas no campo, como tamb\u00e9m o hist\u00f3rico de manejo com detalhes de insumos e atividades de plantio e colheita por talh\u00e3o.\u00a0\u00a0<\/p>\n\n\n\n<p><strong>Visite o estande da SIMA na Show Safra 2025<\/strong> e descubra como a tecnologia e o monitoramento inteligente esta revolucionando a gest\u00e3o de processos de Fazendas e Consultorias em todo o Brasil. Esperamos por voc\u00ea para ajudar a <strong>impulsionar sua produ\u00e7\u00e3o agr\u00edcola!<\/strong> Vejo voc\u00ea l\u00e1.<\/p>\n","protected":false},"excerpt":{"rendered":"<p>De 24 a 28 de mar\u00e7o, a SIMA estar\u00e1 presente no Show Safra, um dos eventos agropecu\u00e1rios mais [&hellip;]<\/p>\n","protected":false},"author":2,"featured_media":2312,"comment_status":"open","ping_status":"open","sticky":false,"template":"","format":"standard","meta":{"content-type":"","_monsterinsights_skip_tracking":false,"_monsterinsights_sitenote_active":false,"_monsterinsights_sitenote_note":"","_monsterinsights_sitenote_category":0,"spay_email":"","footnotes":""},"categories":[146],"tags":[],"class_list":["post-2307","post","type-post","status-publish","format-standard","has-post-thumbnail","hentry","category-nao-categorizado"],"jetpack_featured_media_url":"https:\/\/blog.sima.ag\/wp-content\/uploads\/2025\/03\/show-safra.webp","_links":{"self":[{"href":"https:\/\/blog.sima.ag\/pt-br\/wp-json\/wp\/v2\/posts\/2307"}],"collection":[{"href":"https:\/\/blog.sima.ag\/pt-br\/wp-json\/wp\/v2\/posts"}],"about":[{"href":"https:\/\/blog.sima.ag\/pt-br\/wp-json\/wp\/v2\/types\/post"}],"author":[{"embeddable":true,"href":"https:\/\/blog.sima.ag\/pt-br\/wp-json\/wp\/v2\/users\/2"}],"replies":[{"embeddable":true,"href":"https:\/\/blog.sima.ag\/pt-br\/wp-json\/wp\/v2\/comments?post=2307"}],"version-history":[{"count":2,"href":"https:\/\/blog.sima.ag\/pt-br\/wp-json\/wp\/v2\/posts\/2307\/revisions"}],"predecessor-version":[{"id":2316,"href":"https:\/\/blog.sima.ag\/pt-br\/wp-json\/wp\/v2\/posts\/2307\/revisions\/2316"}],"wp:featuredmedia":[{"embeddable":true,"href":"https:\/\/blog.sima.ag\/pt-br\/wp-json\/wp\/v2\/media\/2312"}],"wp:attachment":[{"href":"https:\/\/blog.sima.ag\/pt-br\/wp-json\/wp\/v2\/media?parent=2307"}],"wp:term":[{"taxonomy":"category","embeddable":true,"href":"https:\/\/blog.sima.ag\/pt-br\/wp-json\/wp\/v2\/categories?post=2307"},{"taxonomy":"post_tag","embeddable":true,"href":"https:\/\/blog.sima.ag\/pt-br\/wp-json\/wp\/v2\/tags?post=2307"}],"curies":[{"name":"wp","href":"https:\/\/api.w.org\/{rel}","templated":true}]}}