{"id":2538,"date":"2025-10-20T10:52:54","date_gmt":"2025-10-20T13:52:54","guid":{"rendered":"https:\/\/blog.sima.ag\/?p=2538"},"modified":"2025-10-20T11:12:50","modified_gmt":"2025-10-20T14:12:50","slug":"sima-modulo-clima-gestao-agricola","status":"publish","type":"post","link":"https:\/\/blog.sima.ag\/pt-br\/2025\/sima-modulo-clima-gestao-agricola\/","title":{"rendered":"SIMA lan\u00e7a o M\u00f3dulo Clima: uma solu\u00e7\u00e3o inteligente para registrar chuvas e gerenciar dados meteorol\u00f3gicos"},"content":{"rendered":"\n<p><strong><em>A plataforma digital SIMA incorpora uma nova funcionalidade essencial para a agricultura de precis\u00e3o. O M\u00f3dulo Clima permite registrar chuvas e antecipar decis\u00f5es produtivas com mais efici\u00eancia. Est\u00e1 dispon\u00edvel gratuitamente para todos os usu\u00e1rios e se posiciona como uma ferramenta estrat\u00e9gica na gest\u00e3o agr\u00edcola digital.<\/em><\/strong> <\/p>\n\n\n\n<h2 class=\"wp-block-heading\"><strong>Uma ferramenta essencial para o registro de chuvas e monitoramento clim\u00e1tico<\/strong><\/h2>\n\n\n\n<p>A SIMA, plataforma l\u00edder em gest\u00e3o agr\u00edcola digital, apresenta oficialmente sua nova funcionalidade: o <strong>M\u00f3dulo Clima<\/strong>, uma solu\u00e7\u00e3o desenvolvida para registrar e analisar dados meteorol\u00f3gicos, com foco especial nas precipita\u00e7\u00f5es. Essa ferramenta atende a uma demanda central do setor agropecu\u00e1rio: contar com informa\u00e7\u00f5es clim\u00e1ticas confi\u00e1veis, organizadas e em tempo real para planejar melhor as decis\u00f5es no campo.<\/p>\n\n\n\n<p><strong>O M\u00f3dulo Clima permite gerenciar tanto pluvi\u00f4metros manuais quanto esta\u00e7\u00f5es meteorol\u00f3gicas autom\u00e1ticas<\/strong>, que podem ser associadas a m\u00faltiplos talh\u00f5es ou usu\u00e1rios. Isso viabiliza um registro centralizado das chuvas, com a possibilidade de anexar fotos e vincular cada evento ao respectivo talh\u00e3o. Al\u00e9m disso, \u00e9 poss\u00edvel lan\u00e7ar dados de um \u00fanico pluvi\u00f4metro para v\u00e1rios talh\u00f5es, reduzindo o trabalho operacional e aumentando a efici\u00eancia no uso das informa\u00e7\u00f5es.<\/p>\n\n\n\n<figure class=\"wp-block-image size-large\"><img loading=\"lazy\" decoding=\"async\" width=\"1024\" height=\"716\" src=\"https:\/\/blog.sima.ag\/wp-content\/uploads\/2025\/09\/iStock-958673874-2-1024x716.jpg\" alt=\"\" class=\"wp-image-2524\" srcset=\"https:\/\/blog.sima.ag\/wp-content\/uploads\/2025\/09\/iStock-958673874-2-1024x716.jpg 1024w, https:\/\/blog.sima.ag\/wp-content\/uploads\/2025\/09\/iStock-958673874-2-300x210.jpg 300w, https:\/\/blog.sima.ag\/wp-content\/uploads\/2025\/09\/iStock-958673874-2-768x537.jpg 768w, https:\/\/blog.sima.ag\/wp-content\/uploads\/2025\/09\/iStock-958673874-2-450x315.jpg 450w, https:\/\/blog.sima.ag\/wp-content\/uploads\/2025\/09\/iStock-958673874-2-858x600.jpg 858w, https:\/\/blog.sima.ag\/wp-content\/uploads\/2025\/09\/iStock-958673874-2.jpg 1224w\" sizes=\"(max-width: 1024px) 100vw, 1024px\" \/><\/figure>\n\n\n\n<p>A visualiza\u00e7\u00e3o tamb\u00e9m \u00e9 um dos pontos fortes: o m\u00f3dulo oferece dados de <strong>chuvas acumuladas por per\u00edodo, mapas de calor e comparativos hist\u00f3ricos<\/strong>, proporcionando ao produtor uma leitura clara do comportamento clim\u00e1tico da sua regi\u00e3o e facilitando o ajuste das estrat\u00e9gias agron\u00f4micas.<\/p>\n\n\n\n<h2 class=\"wp-block-heading\"><strong>Integra\u00e7\u00e3o com WhatsApp, acesso gratuito e alertas autom\u00e1ticos<\/strong><\/h2>\n\n\n\n<p>Pensado para maximizar a usabilidade no campo, o <strong>M\u00f3dulo Clima da SIMA pode ser operado tanto pelo site quanto via WhatsApp, permitindo o registro de chuvas mesmo sem conex\u00e3o \u00e0 internet ou acesso direto \u00e0 plataforma<\/strong>. Essa funcionalidade torna a ferramenta extremamente \u00e1gil, ideal para operadores ou respons\u00e1veis que atuam em \u00e1reas rurais com baixa conectividade.<\/p>\n\n\n\n<p>Outra inova\u00e7\u00e3o de destaque \u00e9 o sistema de <strong>alertas inteligentes<\/strong>, que detecta inconsist\u00eancias nos registros meteorol\u00f3gicos e notifica automaticamente o usu\u00e1rio. Isso garante a qualidade dos dados registrados, melhora a tomada de decis\u00e3o e reduz erros de interpreta\u00e7\u00e3o. <\/p>\n\n\n\n<figure class=\"wp-block-image size-large\"><img loading=\"lazy\" decoding=\"async\" width=\"1024\" height=\"911\" src=\"https:\/\/blog.sima.ag\/wp-content\/uploads\/2025\/10\/clima-blog-1024x911.jpg\" alt=\"\" class=\"wp-image-2561\" srcset=\"https:\/\/blog.sima.ag\/wp-content\/uploads\/2025\/10\/clima-blog-1024x911.jpg 1024w, https:\/\/blog.sima.ag\/wp-content\/uploads\/2025\/10\/clima-blog-300x267.jpg 300w, https:\/\/blog.sima.ag\/wp-content\/uploads\/2025\/10\/clima-blog-768x683.jpg 768w, https:\/\/blog.sima.ag\/wp-content\/uploads\/2025\/10\/clima-blog-450x400.jpg 450w, https:\/\/blog.sima.ag\/wp-content\/uploads\/2025\/10\/clima-blog-674x600.jpg 674w, https:\/\/blog.sima.ag\/wp-content\/uploads\/2025\/10\/clima-blog.jpg 1440w\" sizes=\"(max-width: 1024px) 100vw, 1024px\" \/><\/figure>\n\n\n\n<h2 class=\"wp-block-heading\"><strong>Preparado para evoluir: uma base de dados pronta para novos eventos clim\u00e1ticos<\/strong><\/h2>\n\n\n\n<p>O <strong>M\u00f3dulo Clima foi desenvolvido com base em um modelo de co-desenvolvimento com usu\u00e1rios e empresas patrocinadoras<\/strong>, o que permitiu uma implementa\u00e7\u00e3o \u00e1gil e alinhada \u00e0s reais necessidades do agroneg\u00f3cio. Essa metodologia faz parte do DNA da SIMA, que projeta suas ferramentas a partir do feedback direto de consultores e produtores l\u00edderes na Am\u00e9rica Latina.<\/p>\n\n\n\n<p>Embora o foco inicial esteja nas precipita\u00e7\u00f5es, a estrutura do m\u00f3dulo j\u00e1 permite o registro de outros eventos clim\u00e1ticos como temperaturas, geadas ou ventos &#8211; abrindo espa\u00e7o para futuras atualiza\u00e7\u00f5es sem a necessidade de reestruturar o banco de dados.<\/p>\n\n\n\n<figure class=\"wp-block-image size-large\"><img loading=\"lazy\" decoding=\"async\" width=\"912\" height=\"1024\" src=\"https:\/\/blog.sima.ag\/wp-content\/uploads\/2025\/10\/4-port-912x1024.jpg\" alt=\"\" class=\"wp-image-2567\" srcset=\"https:\/\/blog.sima.ag\/wp-content\/uploads\/2025\/10\/4-port-912x1024.jpg 912w, https:\/\/blog.sima.ag\/wp-content\/uploads\/2025\/10\/4-port-267x300.jpg 267w, https:\/\/blog.sima.ag\/wp-content\/uploads\/2025\/10\/4-port-768x863.jpg 768w, https:\/\/blog.sima.ag\/wp-content\/uploads\/2025\/10\/4-port-450x505.jpg 450w, https:\/\/blog.sima.ag\/wp-content\/uploads\/2025\/10\/4-port-1024x1150.jpg 1024w, https:\/\/blog.sima.ag\/wp-content\/uploads\/2025\/10\/4-port-534x600.jpg 534w, https:\/\/blog.sima.ag\/wp-content\/uploads\/2025\/10\/4-port.jpg 1331w\" sizes=\"(max-width: 912px) 100vw, 912px\" \/><\/figure>\n\n\n\n<p>Com o lan\u00e7amento do M\u00f3dulo Clima, <strong>a SIMA refor\u00e7a sua posi\u00e7\u00e3o como a plataforma digital mais completa para a gest\u00e3o agr\u00edcola<\/strong>, oferecendo solu\u00e7\u00f5es tecnol\u00f3gicas que simplificam processos, potencializam a tomada de decis\u00f5es e preparam o produtor para enfrentar os desafios clim\u00e1ticos com informa\u00e7\u00f5es precisas e acess\u00edveis.<\/p>\n\n\n\n<p><strong><em>Quer potencializar sua gest\u00e3o agr\u00edcola com dados clim\u00e1ticos reais?<\/em><\/strong> Experimente o M\u00f3dulo Clima da SIMA e leve sua produ\u00e7\u00e3o para o pr\u00f3ximo n\u00edvel. Baixe o SIMA gratuitamente no <a href=\"https:\/\/play.google.com\/store\/apps\/details?id=com.voy.sima&amp;hl=es_AR&amp;gl=US\" target=\"_blank\" rel=\"noopener\">Android<\/a> ou <a href=\"https:\/\/apps.apple.com\/us\/app\/sima-monitoreo-de-cultivos\/id6448897648\" target=\"_blank\" rel=\"noopener\">iOS<\/a> e experimente o M\u00f3dulo Clima.<\/p>\n\n\n\n<p><\/p>\n","protected":false},"excerpt":{"rendered":"<p>A plataforma digital SIMA incorpora uma nova funcionalidade essencial para a agricultura de precis\u00e3o. O M\u00f3dulo Clima permite [&hellip;]<\/p>\n","protected":false},"author":2,"featured_media":2526,"comment_status":"open","ping_status":"open","sticky":false,"template":"","format":"standard","meta":{"content-type":"","_monsterinsights_skip_tracking":false,"_monsterinsights_sitenote_active":false,"_monsterinsights_sitenote_note":"","_monsterinsights_sitenote_category":0,"spay_email":"","footnotes":""},"categories":[146],"tags":[],"class_list":["post-2538","post","type-post","status-publish","format-standard","has-post-thumbnail","hentry","category-nao-categorizado"],"jetpack_featured_media_url":"https:\/\/blog.sima.ag\/wp-content\/uploads\/2025\/09\/PLUV-SIMA.jpg","_links":{"self":[{"href":"https:\/\/blog.sima.ag\/pt-br\/wp-json\/wp\/v2\/posts\/2538"}],"collection":[{"href":"https:\/\/blog.sima.ag\/pt-br\/wp-json\/wp\/v2\/posts"}],"about":[{"href":"https:\/\/blog.sima.ag\/pt-br\/wp-json\/wp\/v2\/types\/post"}],"author":[{"embeddable":true,"href":"https:\/\/blog.sima.ag\/pt-br\/wp-json\/wp\/v2\/users\/2"}],"replies":[{"embeddable":true,"href":"https:\/\/blog.sima.ag\/pt-br\/wp-json\/wp\/v2\/comments?post=2538"}],"version-history":[{"count":6,"href":"https:\/\/blog.sima.ag\/pt-br\/wp-json\/wp\/v2\/posts\/2538\/revisions"}],"predecessor-version":[{"id":2571,"href":"https:\/\/blog.sima.ag\/pt-br\/wp-json\/wp\/v2\/posts\/2538\/revisions\/2571"}],"wp:featuredmedia":[{"embeddable":true,"href":"https:\/\/blog.sima.ag\/pt-br\/wp-json\/wp\/v2\/media\/2526"}],"wp:attachment":[{"href":"https:\/\/blog.sima.ag\/pt-br\/wp-json\/wp\/v2\/media?parent=2538"}],"wp:term":[{"taxonomy":"category","embeddable":true,"href":"https:\/\/blog.sima.ag\/pt-br\/wp-json\/wp\/v2\/categories?post=2538"},{"taxonomy":"post_tag","embeddable":true,"href":"https:\/\/blog.sima.ag\/pt-br\/wp-json\/wp\/v2\/tags?post=2538"}],"curies":[{"name":"wp","href":"https:\/\/api.w.org\/{rel}","templated":true}]}}