{"id":2726,"date":"2026-04-29T12:10:53","date_gmt":"2026-04-29T15:10:53","guid":{"rendered":"https:\/\/blog.sima.ag\/?p=2726"},"modified":"2026-04-29T12:15:13","modified_gmt":"2026-04-29T15:15:13","slug":"drones-agricolas-impulsionam-agro","status":"publish","type":"post","link":"https:\/\/blog.sima.ag\/pt-br\/2026\/drones-agricolas-impulsionam-agro\/","title":{"rendered":"Drones agr\u00edcolas: tecnologia que redefine o campo"},"content":{"rendered":"\n<p><strong><em>A ado\u00e7\u00e3o de drones no agro avan\u00e7a com for\u00e7a. Mais eficientes, acess\u00edveis e vers\u00e1teis, eles j\u00e1 est\u00e3o transformando a produ\u00e7\u00e3o, a log\u00edstica e a tomada de decis\u00f5es em diversas culturas. Com o apoio da Alena Agritech, analisamos o boom dos drones, sua evolu\u00e7\u00e3o tecnol\u00f3gica, as vantagens em rela\u00e7\u00e3o \u00e0s m\u00e1quinas tradicionais e o futuro da automa\u00e7\u00e3o total no agro.<\/em><\/strong><\/p>\n\n\n\n<h2 class=\"wp-block-heading\"><strong>Do campo \u00e0 nuvem: a revolu\u00e7\u00e3o dos drones agr\u00edcolas<\/strong><\/h2>\n\n\n\n<p>Nos \u00faltimos anos, o agro come\u00e7ou a incorporar uma tecnologia que, embora n\u00e3o seja nova globalmente, vive hoje uma <strong>expans\u00e3o sem precedentes: os drones agr\u00edcolas.<\/strong> Marcelo Gim\u00e9nez Zapiola, engenheiro agr\u00f4nomo com mais de uma d\u00e9cada de experi\u00eancia e cofundador da <strong>Alena Agritech<\/strong>, resume com clareza: \u201cO drone n\u00e3o deve ser pensado como m\u00e1quina, mas como tecnologia\u201d.<\/p>\n\n\n\n<p>Diferente dos equipamentos tradicionais, <strong>os drones evoluem com l\u00f3gica digital, com ciclos de inova\u00e7\u00e3o curtos e melhorias constantes<\/strong>. Em apenas quatro anos, sua capacidade operacional passou de 10 para mais de 25 hectares por hora, acelerando sua ado\u00e7\u00e3o.<\/p>\n\n\n\n<p><br>O que antes era uma ferramenta de nicho come\u00e7a agora a se consolidar tanto em <strong>sistemas produtivos extensivos quanto intensivos.<\/strong><\/p>\n\n\n\n<figure class=\"wp-block-image size-large is-resized\"><img loading=\"lazy\" decoding=\"async\" width=\"863\" height=\"1024\" src=\"https:\/\/blog.sima.ag\/wp-content\/uploads\/2026\/04\/DRONES-AGRICOLAS-4-863x1024.jpeg\" alt=\"\" class=\"wp-image-2720\" style=\"width:606px;height:auto\" srcset=\"https:\/\/blog.sima.ag\/wp-content\/uploads\/2026\/04\/DRONES-AGRICOLAS-4-863x1024.jpeg 863w, https:\/\/blog.sima.ag\/wp-content\/uploads\/2026\/04\/DRONES-AGRICOLAS-4-253x300.jpeg 253w, https:\/\/blog.sima.ag\/wp-content\/uploads\/2026\/04\/DRONES-AGRICOLAS-4-768x911.jpeg 768w, https:\/\/blog.sima.ag\/wp-content\/uploads\/2026\/04\/DRONES-AGRICOLAS-4-450x534.jpeg 450w, https:\/\/blog.sima.ag\/wp-content\/uploads\/2026\/04\/DRONES-AGRICOLAS-4-506x600.jpeg 506w, https:\/\/blog.sima.ag\/wp-content\/uploads\/2026\/04\/DRONES-AGRICOLAS-4.jpeg 960w\" sizes=\"(max-width: 863px) 100vw, 863px\" \/><\/figure>\n\n\n\n<h2 class=\"wp-block-heading\"><strong>Das culturas intensivas \u00e0 agricultura extensiva<\/strong><\/h2>\n\n\n\n<p>O desenvolvimento inicial <strong>dos drones agr\u00edcolas na Argentina ocorreu em economias regionais, como citrus, vinhedos e mirtilos,<\/strong> onde demonstraram alta efici\u00eancia em aplica\u00e7\u00f5es de precis\u00e3o.<\/p>\n\n\n\n<p>O ponto de virada veio com sua chegada \u00e0 <strong>agricultura extensiva<\/strong>, especialmente em soja, milho e trigo. <br>\u201cOs drones come\u00e7aram a ganhar espa\u00e7o em culturas extensivas quando atingiram escala operacional\u201d, destaca Gim\u00e9nez Zapiola.<\/p>\n\n\n\n<p>Hoje, desempenham <strong>m\u00faltiplas fun\u00e7\u00f5es: pulveriza\u00e7\u00e3o, monitoramento agr\u00edcola, semeadura de culturas de cobertura e refertiliza\u00e7\u00e3o. Sua versatilidade \u00e9 um dos grandes diferenciais, <\/strong>permitindo atua\u00e7\u00e3o em diferentes culturas, regi\u00f5es e condi\u00e7\u00f5es.<\/p>\n\n\n\n<p><br>\u201cEste ano realizamos refertiliza\u00e7\u00f5es em trigo com 100 kg de ureia por hectare e semeamos milhares de hectares com poucos equipamentos\u201d, exemplifica o engenheiro.<\/p>\n\n\n\n<figure class=\"wp-block-image size-full is-resized\"><img loading=\"lazy\" decoding=\"async\" width=\"720\" height=\"784\" src=\"https:\/\/blog.sima.ag\/wp-content\/uploads\/2026\/04\/DRONES-AGRICOLAS-3.jpeg\" alt=\"\" class=\"wp-image-2722\" style=\"width:641px;height:auto\" srcset=\"https:\/\/blog.sima.ag\/wp-content\/uploads\/2026\/04\/DRONES-AGRICOLAS-3.jpeg 720w, https:\/\/blog.sima.ag\/wp-content\/uploads\/2026\/04\/DRONES-AGRICOLAS-3-276x300.jpeg 276w, https:\/\/blog.sima.ag\/wp-content\/uploads\/2026\/04\/DRONES-AGRICOLAS-3-450x490.jpeg 450w, https:\/\/blog.sima.ag\/wp-content\/uploads\/2026\/04\/DRONES-AGRICOLAS-3-551x600.jpeg 551w\" sizes=\"(max-width: 720px) 100vw, 720px\" \/><\/figure>\n\n\n\n<h2 class=\"wp-block-heading\"><strong>Drones agr\u00edcolas: mais acesso, menos barreiras<\/strong><\/h2>\n\n\n\n<p>Um dos principais motores do crescimento <strong>dos drones no agro<\/strong> \u00e9 o menor custo relativo em compara\u00e7\u00e3o \u00e0s tecnologias tradicionais.<\/p>\n\n\n\n<p><br>\u201cHoje \u00e9 uma ferramenta acess\u00edvel para produtores de todos os portes\u201d, afirma o especialista.<\/p>\n\n\n\n<p>Isso impulsiona a <strong>democratiza\u00e7\u00e3o da tecnologia agr\u00edcola<\/strong>, permitindo que pequenos e m\u00e9dios produtores tenham acesso a recursos antes restritos a grandes opera\u00e7\u00f5es.<br>O impacto \u00e9 direto: mais autonomia e melhor capacidade de decis\u00e3o. Em um cen\u00e1rio onde o timing \u00e9 decisivo, contar com essa tecnologia permite agir no momento certo e aumentar a efici\u00eancia produtiva.<\/p>\n\n\n\n<h2 class=\"wp-block-heading\"><strong>Usos e vantagens operacionais frente \u00e0s m\u00e1quinas tradicionais<\/strong><\/h2>\n\n\n\n<p>Embora a <strong>pulveriza\u00e7\u00e3o com drones lidere atualmente, a tecnologia avan\u00e7a para novos usos. A dispers\u00e3o de s\u00f3lidos abre oportunidades em fertiliza\u00e7\u00e3o, controle de pragas e semeadura a\u00e9rea.<\/strong><\/p>\n\n\n\n<p>A <strong>semeadura de culturas de cobertura com drones<\/strong>, por exemplo, apresenta resultados promissores, especialmente em \u00e1reas de dif\u00edcil acesso ou com risco de compacta\u00e7\u00e3o. Tamb\u00e9m se destacam <strong>aplica\u00e7\u00f5es em sistemas mistos e pecu\u00e1rios<\/strong>, onde a log\u00edstica \u00e9 mais desafiadora.<\/p>\n\n\n\n<p>Os drones n\u00e3o substituem as tecnologias existentes, mas atuam como complemento estrat\u00e9gico na agricultura de precis\u00e3o.<\/p>\n\n\n\n<p>Principais vantagens:<\/p>\n\n\n\n<ul class=\"wp-block-list\">\n<li>Elimina\u00e7\u00e3o do amassamento das culturas<\/li>\n\n\n\n<li>Opera\u00e7\u00e3o em qualquer condi\u00e7\u00e3o de solo<\/li>\n\n\n\n<li>Maior precis\u00e3o nas aplica\u00e7\u00f5es<\/li>\n\n\n\n<li>Flexibilidade em \u00e1reas pequenas ou irregulares<\/li>\n<\/ul>\n\n\n\n<p>Al\u00e9m disso, permitem aplica\u00e7\u00f5es noturnas e ampliam as janelas de trabalho, otimizando a log\u00edstica e o timing das opera\u00e7\u00f5es.<\/p>\n\n\n\n<figure class=\"wp-block-image size-large is-resized\"><img loading=\"lazy\" decoding=\"async\" width=\"768\" height=\"1024\" src=\"https:\/\/blog.sima.ag\/wp-content\/uploads\/2026\/04\/DRONES-AGRICOLAS-2-768x1024.jpeg\" alt=\"\" class=\"wp-image-2724\" style=\"width:641px;height:auto\" srcset=\"https:\/\/blog.sima.ag\/wp-content\/uploads\/2026\/04\/DRONES-AGRICOLAS-2-768x1024.jpeg 768w, https:\/\/blog.sima.ag\/wp-content\/uploads\/2026\/04\/DRONES-AGRICOLAS-2-225x300.jpeg 225w, https:\/\/blog.sima.ag\/wp-content\/uploads\/2026\/04\/DRONES-AGRICOLAS-2-450x600.jpeg 450w, https:\/\/blog.sima.ag\/wp-content\/uploads\/2026\/04\/DRONES-AGRICOLAS-2.jpeg 960w\" sizes=\"(max-width: 768px) 100vw, 768px\" \/><\/figure>\n\n\n\n<h2 class=\"wp-block-heading\"><strong>Desafios t\u00e9cnicos e qualidade de aplica\u00e7\u00e3o<\/strong><\/h2>\n\n\n\n<p>O uso de <strong>drones agr\u00edcolas<\/strong> exige <strong>capacita\u00e7\u00e3o e alto n\u00edvel de precis\u00e3o<\/strong>. Vari\u00e1veis como tamanho de gota, altura de voo, velocidade e condi\u00e7\u00f5es clim\u00e1ticas s\u00e3o determinantes.<br>\u201cO operador de drones precisa acertar tudo. \u00c9 uma tecnologia que n\u00e3o perdoa erros\u201d, alerta o engenheiro.<\/p>\n\n\n\n<p>O foco das aplica\u00e7\u00f5es passa a ser o <strong>impacto efetivo no cultivo<\/strong>, mais do que o volume aplicado. A deriva continua sendo um risco, mas pode ser reduzida com ajustes em tempo real.<br><\/p>\n\n\n\n<p>Al\u00e9m disso, o baixo volume exige maior cuidado com a qualidade da calda, compatibilidade dos produtos e uso de adjuvantes.<\/p>\n\n\n\n<h2 class=\"wp-block-heading\"><strong>Integra\u00e7\u00e3o digital e o futuro do agro<\/strong><\/h2>\n\n\n\n<p>O verdadeiro salto de valor acontece quando os drones se integram \u00e0s plataformas de <strong>agricultura digital.<\/strong> Drones de mapeamento geram dados estrat\u00e9gicos: <strong>mapas NDVI, contagem de plantas, detec\u00e7\u00e3o de plantas daninhas e an\u00e1lise de variabilidade.<\/strong><\/p>\n\n\n\n<p>Mas o diferencial est\u00e1 em transformar esses dados em decis\u00f5es.<br>\u201cO campo gera informa\u00e7\u00e3o o tempo todo. O desafio \u00e9 saber gerenci\u00e1-la corretamente\u201d, afirma Gim\u00e9nez Zapiola.<\/p>\n\n\n\n<p>Nesse cen\u00e1rio, plataformas como o SIMA permitem centralizar, analisar e conectar dados agron\u00f4micos, elevando a qualidade da tomada de decis\u00e3o.<\/p>\n\n\n\n<p>A tecnologia avan\u00e7a rumo \u00e0 automa\u00e7\u00e3o, ao trabalho coordenado entre m\u00faltiplos drones e \u00e0s aplica\u00e7\u00f5es seletivas em tempo real.<br>\u201cEstamos caminhando para sistemas cada vez mais integrados e automatizados\u201d, antecipa o especialista.<\/p>\n\n\n\n<p>Como a <a href=\"https:\/\/sima.ag\/pt\" target=\"_blank\" rel=\"noopener\">SIMA<\/a>, os drones se consolidam como um pilar do agro moderno, impulsionando efici\u00eancia, sustentabilidade e inova\u00e7\u00e3o no campo. Se quiser mais informa\u00e7\u00f5es, fale com a gente pelo <a href=\"https:\/\/wa.link\/efufmo\" target=\"_blank\" rel=\"noopener\">WhatsApp<\/a> ou pelo e-mail <a>info@sima.ag<\/a><\/p>\n\n\n\n<p><\/p>\n","protected":false},"excerpt":{"rendered":"<p>A ado\u00e7\u00e3o de drones no agro avan\u00e7a com for\u00e7a. Mais eficientes, acess\u00edveis e vers\u00e1teis, eles j\u00e1 est\u00e3o transformando [&hellip;]<\/p>\n","protected":false},"author":14,"featured_media":2718,"comment_status":"open","ping_status":"open","sticky":false,"template":"","format":"standard","meta":{"content-type":"","_monsterinsights_skip_tracking":false,"_monsterinsights_sitenote_active":false,"_monsterinsights_sitenote_note":"","_monsterinsights_sitenote_category":0,"spay_email":"","footnotes":""},"categories":[146],"tags":[],"class_list":["post-2726","post","type-post","status-publish","format-standard","has-post-thumbnail","hentry","category-nao-categorizado"],"jetpack_featured_media_url":"https:\/\/blog.sima.ag\/wp-content\/uploads\/2026\/04\/DRONES-AGRICOLAS-1.jpeg","_links":{"self":[{"href":"https:\/\/blog.sima.ag\/pt-br\/wp-json\/wp\/v2\/posts\/2726"}],"collection":[{"href":"https:\/\/blog.sima.ag\/pt-br\/wp-json\/wp\/v2\/posts"}],"about":[{"href":"https:\/\/blog.sima.ag\/pt-br\/wp-json\/wp\/v2\/types\/post"}],"author":[{"embeddable":true,"href":"https:\/\/blog.sima.ag\/pt-br\/wp-json\/wp\/v2\/users\/14"}],"replies":[{"embeddable":true,"href":"https:\/\/blog.sima.ag\/pt-br\/wp-json\/wp\/v2\/comments?post=2726"}],"version-history":[{"count":5,"href":"https:\/\/blog.sima.ag\/pt-br\/wp-json\/wp\/v2\/posts\/2726\/revisions"}],"predecessor-version":[{"id":2739,"href":"https:\/\/blog.sima.ag\/pt-br\/wp-json\/wp\/v2\/posts\/2726\/revisions\/2739"}],"wp:featuredmedia":[{"embeddable":true,"href":"https:\/\/blog.sima.ag\/pt-br\/wp-json\/wp\/v2\/media\/2718"}],"wp:attachment":[{"href":"https:\/\/blog.sima.ag\/pt-br\/wp-json\/wp\/v2\/media?parent=2726"}],"wp:term":[{"taxonomy":"category","embeddable":true,"href":"https:\/\/blog.sima.ag\/pt-br\/wp-json\/wp\/v2\/categories?post=2726"},{"taxonomy":"post_tag","embeddable":true,"href":"https:\/\/blog.sima.ag\/pt-br\/wp-json\/wp\/v2\/tags?post=2726"}],"curies":[{"name":"wp","href":"https:\/\/api.w.org\/{rel}","templated":true}]}}